{"id":4890,"date":"2026-09-02T07:18:47","date_gmt":"2026-09-02T07:18:47","guid":{"rendered":"https:\/\/www.ecoledecroly.be\/?p=4890"},"modified":"2026-09-02T07:33:28","modified_gmt":"2026-09-02T07:33:28","slug":"notre-journal-hebdomadaire","status":"publish","type":"post","link":"https:\/\/www.ecoledecroly.be\/index.php\/2026\/09\/02\/notre-journal-hebdomadaire\/","title":{"rendered":"Notre journal hebdomadaire"},"content":{"rendered":"\n<div class=\"wp-block-columns is-layout-flex wp-container-core-columns-is-layout-8f761849 wp-block-columns-is-layout-flex\">\n<div class=\"wp-block-column is-layout-flow wp-block-column-is-layout-flow\"><\/div>\n<\/div>\n\n\n\n<p class=\"wp-block-paragraph\"><strong>Chers parents,<\/strong><\/p>\n\n\n\n<p class=\"wp-block-paragraph\">Comme certains d\u2019entre vous le savent d\u00e9j\u00e0, notre \u00e9cole est pr\u00e9sente sur les r\u00e9seaux sociaux depuis l\u2019ann\u00e9e derni\u00e8re. Nous y partageons r\u00e9guli\u00e8rement de petites nouvelles, des moments de vie et des activit\u00e9s de l\u2019\u00e9cole.<\/p>\n\n\n\n<p class=\"wp-block-paragraph\">Cette ann\u00e9e, toutes ces publications seront \u00e9galement regroup\u00e9es chaque semaine sur le site de l\u2019\u00e9cole, afin que chacun puisse, s\u2019il le souhaite, y retrouver les petits et grands moments qui rythment la vie de notre \u00e9cole.<\/p>\n\n\n\n<p class=\"wp-block-paragraph\">Vous pourrez les retrouver sous le titre <strong>\u00ab Notre journal hebdomadaire \u00bb<\/strong>, dans le menu situ\u00e9 \u00e0 droite, ou sous l\u2019onglet <strong>\u00ab Activit\u00e9s \u00bb > \u00ab Journal hebdomadaire \u00bb<\/strong>.<\/p>\n\n\n\n<p class=\"wp-block-paragraph\"><strong>Au plaisir de partager avec vous ces quelques nouvelles au fil de l\u2019ann\u00e9e !<\/strong><\/p>\n","protected":false},"excerpt":{"rendered":"<p>Chers parents, Comme certains d\u2019entre vous le savent d\u00e9j\u00e0, notre \u00e9cole est pr\u00e9sente sur les r\u00e9seaux sociaux depuis l\u2019ann\u00e9e derni\u00e8re. Nous y partageons r\u00e9guli\u00e8rement de petites nouvelles, des moments de vie et des activit\u00e9s de l\u2019\u00e9cole. Cette ann\u00e9e, toutes ces publications seront \u00e9galement regroup\u00e9es chaque semaine sur le site de l\u2019\u00e9cole, afin que chacun puisse,&hellip;<\/p>\n","protected":false},"author":3,"featured_media":0,"comment_status":"closed","ping_status":"open","sticky":false,"template":"","format":"standard","meta":{"sfsi_plus_gutenberg_text_before_share":"","sfsi_plus_gutenberg_show_text_before_share":"","sfsi_plus_gutenberg_icon_type":"","sfsi_plus_gutenberg_icon_alignemt":"","sfsi_plus_gutenburg_max_per_row":"","footnotes":""},"categories":[3],"tags":[],"class_list":["post-4890","post","type-post","status-publish","format-standard","hentry","category-avis"],"gutentor_comment":0,"_links":{"self":[{"href":"https:\/\/www.ecoledecroly.be\/index.php\/wp-json\/wp\/v2\/posts\/4890","targetHints":{"allow":["GET"]}}],"collection":[{"href":"https:\/\/www.ecoledecroly.be\/index.php\/wp-json\/wp\/v2\/posts"}],"about":[{"href":"https:\/\/www.ecoledecroly.be\/index.php\/wp-json\/wp\/v2\/types\/post"}],"author":[{"embeddable":true,"href":"https:\/\/www.ecoledecroly.be\/index.php\/wp-json\/wp\/v2\/users\/3"}],"replies":[{"embeddable":true,"href":"https:\/\/www.ecoledecroly.be\/index.php\/wp-json\/wp\/v2\/comments?post=4890"}],"version-history":[{"count":2,"href":"https:\/\/www.ecoledecroly.be\/index.php\/wp-json\/wp\/v2\/posts\/4890\/revisions"}],"predecessor-version":[{"id":4897,"href":"https:\/\/www.ecoledecroly.be\/index.php\/wp-json\/wp\/v2\/posts\/4890\/revisions\/4897"}],"wp:attachment":[{"href":"https:\/\/www.ecoledecroly.be\/index.php\/wp-json\/wp\/v2\/media?parent=4890"}],"wp:term":[{"taxonomy":"category","embeddable":true,"href":"https:\/\/www.ecoledecroly.be\/index.php\/wp-json\/wp\/v2\/categories?post=4890"},{"taxonomy":"post_tag","embeddable":true,"href":"https:\/\/www.ecoledecroly.be\/index.php\/wp-json\/wp\/v2\/tags?post=4890"}],"curies":[{"name":"wp","href":"https:\/\/api.w.org\/{rel}","templated":true}]}}