{"id":4888,"date":"2026-09-02T07:17:25","date_gmt":"2026-09-02T07:17:25","guid":{"rendered":"https:\/\/www.ecoledecroly.be\/?p=4888"},"modified":"2026-09-02T07:17:45","modified_gmt":"2026-09-02T07:17:45","slug":"groupe-mobilite-2","status":"publish","type":"post","link":"https:\/\/www.ecoledecroly.be\/index.php\/2026\/09\/02\/groupe-mobilite-2\/","title":{"rendered":"Groupe mobilit\u00e9"},"content":{"rendered":"\n<div class=\"wp-block-columns is-layout-flex wp-container-core-columns-is-layout-8f761849 wp-block-columns-is-layout-flex\">\n<div class=\"wp-block-column is-layout-flow wp-block-column-is-layout-flow\"><\/div>\n<\/div>\n\n\n\n<p class=\"wp-block-paragraph\">Vous trouverez <a href=\"https:\/\/www.ecoledecroly.be\/wp-content\/uploads\/2026\/09\/Analyse-Decroly.pdf\" data-type=\"link\" data-id=\"https:\/\/www.ecoledecroly.be\/wp-content\/uploads\/2026\/09\/Analyse-Decroly.pdf\" target=\"_blank\" rel=\"noopener\">ici<\/a> l&rsquo;analyse que nous avons r\u00e9alis\u00e9e&nbsp;avec les \u00e9l\u00e8ves en avril lors de notre marche exploratoire.<\/p>\n\n\n\n<p class=\"wp-block-paragraph\">N&rsquo;h\u00e9sitez pas \u00e0 faire des remarques. Une fois vos remarques ajout\u00e9es au document, nous transmettrons l&rsquo;analyse \u00e0 Bruxelles Mobilit\u00e9 pour les voiries r\u00e9gionales et \u00e0 la commune d&rsquo;Uccle pour les voiries communales.<\/p>\n","protected":false},"excerpt":{"rendered":"<p>Vous trouverez ici l&rsquo;analyse que nous avons r\u00e9alis\u00e9e&nbsp;avec les \u00e9l\u00e8ves en avril lors de notre marche exploratoire. N&rsquo;h\u00e9sitez pas \u00e0 faire des remarques. Une fois vos remarques ajout\u00e9es au document, nous transmettrons l&rsquo;analyse \u00e0 Bruxelles Mobilit\u00e9 pour les voiries r\u00e9gionales et \u00e0 la commune d&rsquo;Uccle pour les voiries communales.<\/p>\n","protected":false},"author":3,"featured_media":0,"comment_status":"closed","ping_status":"open","sticky":false,"template":"","format":"standard","meta":{"sfsi_plus_gutenberg_text_before_share":"","sfsi_plus_gutenberg_show_text_before_share":"","sfsi_plus_gutenberg_icon_type":"","sfsi_plus_gutenberg_icon_alignemt":"","sfsi_plus_gutenburg_max_per_row":"","footnotes":""},"categories":[3],"tags":[],"class_list":["post-4888","post","type-post","status-publish","format-standard","hentry","category-avis"],"gutentor_comment":0,"_links":{"self":[{"href":"https:\/\/www.ecoledecroly.be\/index.php\/wp-json\/wp\/v2\/posts\/4888","targetHints":{"allow":["GET"]}}],"collection":[{"href":"https:\/\/www.ecoledecroly.be\/index.php\/wp-json\/wp\/v2\/posts"}],"about":[{"href":"https:\/\/www.ecoledecroly.be\/index.php\/wp-json\/wp\/v2\/types\/post"}],"author":[{"embeddable":true,"href":"https:\/\/www.ecoledecroly.be\/index.php\/wp-json\/wp\/v2\/users\/3"}],"replies":[{"embeddable":true,"href":"https:\/\/www.ecoledecroly.be\/index.php\/wp-json\/wp\/v2\/comments?post=4888"}],"version-history":[{"count":1,"href":"https:\/\/www.ecoledecroly.be\/index.php\/wp-json\/wp\/v2\/posts\/4888\/revisions"}],"predecessor-version":[{"id":4889,"href":"https:\/\/www.ecoledecroly.be\/index.php\/wp-json\/wp\/v2\/posts\/4888\/revisions\/4889"}],"wp:attachment":[{"href":"https:\/\/www.ecoledecroly.be\/index.php\/wp-json\/wp\/v2\/media?parent=4888"}],"wp:term":[{"taxonomy":"category","embeddable":true,"href":"https:\/\/www.ecoledecroly.be\/index.php\/wp-json\/wp\/v2\/categories?post=4888"},{"taxonomy":"post_tag","embeddable":true,"href":"https:\/\/www.ecoledecroly.be\/index.php\/wp-json\/wp\/v2\/tags?post=4888"}],"curies":[{"name":"wp","href":"https:\/\/api.w.org\/{rel}","templated":true}]}}