{"id":4523,"date":"2026-04-27T06:49:36","date_gmt":"2026-04-27T06:49:36","guid":{"rendered":"https:\/\/www.ecoledecroly.be\/?p=4523"},"modified":"2026-04-27T06:49:41","modified_gmt":"2026-04-27T06:49:41","slug":"preavis-de-greve-10","status":"publish","type":"post","link":"https:\/\/www.ecoledecroly.be\/index.php\/2026\/04\/27\/preavis-de-greve-10\/","title":{"rendered":"pr\u00e9avis de gr\u00e8ve"},"content":{"rendered":"\n<div class=\"wp-block-columns is-layout-flex wp-container-core-columns-is-layout-9d6595d7 wp-block-columns-is-layout-flex\">\n<div class=\"wp-block-column is-layout-flow wp-block-column-is-layout-flow\"><\/div>\n<\/div>\n\n\n\n<p>Aux parents d\u2019\u00e9l\u00e8ves de l\u2019\u00e9cole secondaire<\/p>\n\n\n\n<p>Madame, Monsieur,<\/p>\n\n\n\n<p>Chers parents,<\/p>\n\n\n\n<p>Le front commun syndical a d\u00e9pos\u00e9 un pr\u00e9avis de gr\u00e8ve pour le mardi 12 mai, jour o\u00f9 se tiendra une manifestation nationale de protestation contre les projets de r\u00e9formes du gouvernement f\u00e9d\u00e9ral touchant notamment aux salaires et aux pensions.<\/p>\n\n\n\n<p>Un certain nombre d\u2019enseignant.e.s de l\u2019\u00e9cole ont exprim\u00e9 leur souhait de participer \u00e0 cette action. Il se pourrait donc que les cours soient perturb\u00e9s ce jour-l\u00e0.<\/p>\n\n\n\n<p>Les \u00e9l\u00e8ves qui se pr\u00e9senteront seront pris.e.s en charge et regroup\u00e9.e.s selon les possibilit\u00e9s.<\/p>\n\n\n\n<p>Il n\u2019y aura pas de repas servi \u00e0 l\u2019\u00e9cole.<\/p>\n\n\n\n<p>Les absences en raison de la gr\u00e8ve devront \u00eatre motiv\u00e9es via un billet du journal de classe.<\/p>\n\n\n\n<p>Je vous remercie pour votre compr\u00e9hension.<\/p>\n\n\n\n<p>Marc Charlier<br>Directeur de l\u2019\u00e9cole secondaire<\/p>\n","protected":false},"excerpt":{"rendered":"<p>Aux parents d\u2019\u00e9l\u00e8ves de l\u2019\u00e9cole secondaire Madame, Monsieur, Chers parents, Le front commun syndical a d\u00e9pos\u00e9 un pr\u00e9avis de gr\u00e8ve pour le mardi 12 mai, jour o\u00f9 se tiendra une manifestation nationale de protestation contre les projets de r\u00e9formes du gouvernement f\u00e9d\u00e9ral touchant notamment aux salaires et aux pensions. Un certain nombre d\u2019enseignant.e.s de l\u2019\u00e9cole&hellip;<\/p>\n","protected":false},"author":3,"featured_media":0,"comment_status":"closed","ping_status":"open","sticky":false,"template":"","format":"standard","meta":{"sfsi_plus_gutenberg_text_before_share":"","sfsi_plus_gutenberg_show_text_before_share":"","sfsi_plus_gutenberg_icon_type":"","sfsi_plus_gutenberg_icon_alignemt":"","sfsi_plus_gutenburg_max_per_row":"","footnotes":""},"categories":[3],"tags":[],"class_list":["post-4523","post","type-post","status-publish","format-standard","hentry","category-avis"],"gutentor_comment":0,"_links":{"self":[{"href":"https:\/\/www.ecoledecroly.be\/index.php\/wp-json\/wp\/v2\/posts\/4523","targetHints":{"allow":["GET"]}}],"collection":[{"href":"https:\/\/www.ecoledecroly.be\/index.php\/wp-json\/wp\/v2\/posts"}],"about":[{"href":"https:\/\/www.ecoledecroly.be\/index.php\/wp-json\/wp\/v2\/types\/post"}],"author":[{"embeddable":true,"href":"https:\/\/www.ecoledecroly.be\/index.php\/wp-json\/wp\/v2\/users\/3"}],"replies":[{"embeddable":true,"href":"https:\/\/www.ecoledecroly.be\/index.php\/wp-json\/wp\/v2\/comments?post=4523"}],"version-history":[{"count":1,"href":"https:\/\/www.ecoledecroly.be\/index.php\/wp-json\/wp\/v2\/posts\/4523\/revisions"}],"predecessor-version":[{"id":4524,"href":"https:\/\/www.ecoledecroly.be\/index.php\/wp-json\/wp\/v2\/posts\/4523\/revisions\/4524"}],"wp:attachment":[{"href":"https:\/\/www.ecoledecroly.be\/index.php\/wp-json\/wp\/v2\/media?parent=4523"}],"wp:term":[{"taxonomy":"category","embeddable":true,"href":"https:\/\/www.ecoledecroly.be\/index.php\/wp-json\/wp\/v2\/categories?post=4523"},{"taxonomy":"post_tag","embeddable":true,"href":"https:\/\/www.ecoledecroly.be\/index.php\/wp-json\/wp\/v2\/tags?post=4523"}],"curies":[{"name":"wp","href":"https:\/\/api.w.org\/{rel}","templated":true}]}}