{"id":4469,"date":"2026-03-10T18:56:35","date_gmt":"2026-03-10T18:56:35","guid":{"rendered":"https:\/\/www.ecoledecroly.be\/?p=4469"},"modified":"2026-03-10T18:56:42","modified_gmt":"2026-03-10T18:56:42","slug":"rectification-manifestation-du-12-mars","status":"publish","type":"post","link":"https:\/\/www.ecoledecroly.be\/index.php\/2026\/03\/10\/rectification-manifestation-du-12-mars\/","title":{"rendered":"RECTIFICATION \u2013 Manifestation du 12 mars."},"content":{"rendered":"\n<div class=\"wp-block-columns is-layout-flex wp-container-core-columns-is-layout-9d6595d7 wp-block-columns-is-layout-flex\">\n<div class=\"wp-block-column is-layout-flow wp-block-column-is-layout-flow\"><\/div>\n<\/div>\n\n\n\n<p>Aux parents d\u2019\u00e9l\u00e8ves de l\u2019\u00e9cole secondaire<\/p>\n\n\n\n<p><strong>RECTIFICATION \u2013 Manifestation du 12 mars.<\/strong><\/p>\n\n\n\n<p>Chers parents,&nbsp;<\/p>\n\n\n\n<p>Contrairement \u00e0 l\u2019avis qui vous a \u00e9t\u00e9 adress\u00e9 hier, aucun repas (ni repas chaud, ni sandwiches) ne sera servi \u00e0 l\u2019\u00e9cole ce jeudi 12 mars.<\/p>\n\n\n\n<p>Les \u00e9l\u00e8ves pr\u00e9sent.e.s devront donc se munir d\u2019un pique-nique ou se procurer un repas hors de l\u2019\u00e9cole, selon le cas.<\/p>\n\n\n\n<p>Merci pour votre compr\u00e9hension.<br><br><br>Marc Charlier<br>Directeur<\/p>\n","protected":false},"excerpt":{"rendered":"<p>Aux parents d\u2019\u00e9l\u00e8ves de l\u2019\u00e9cole secondaire RECTIFICATION \u2013 Manifestation du 12 mars. Chers parents,&nbsp; Contrairement \u00e0 l\u2019avis qui vous a \u00e9t\u00e9 adress\u00e9 hier, aucun repas (ni repas chaud, ni sandwiches) ne sera servi \u00e0 l\u2019\u00e9cole ce jeudi 12 mars. Les \u00e9l\u00e8ves pr\u00e9sent.e.s devront donc se munir d\u2019un pique-nique ou se procurer un repas hors de&hellip;<\/p>\n","protected":false},"author":3,"featured_media":0,"comment_status":"closed","ping_status":"open","sticky":false,"template":"","format":"standard","meta":{"sfsi_plus_gutenberg_text_before_share":"","sfsi_plus_gutenberg_show_text_before_share":"","sfsi_plus_gutenberg_icon_type":"","sfsi_plus_gutenberg_icon_alignemt":"","sfsi_plus_gutenburg_max_per_row":"","footnotes":""},"categories":[3],"tags":[],"class_list":["post-4469","post","type-post","status-publish","format-standard","hentry","category-avis"],"gutentor_comment":0,"_links":{"self":[{"href":"https:\/\/www.ecoledecroly.be\/index.php\/wp-json\/wp\/v2\/posts\/4469","targetHints":{"allow":["GET"]}}],"collection":[{"href":"https:\/\/www.ecoledecroly.be\/index.php\/wp-json\/wp\/v2\/posts"}],"about":[{"href":"https:\/\/www.ecoledecroly.be\/index.php\/wp-json\/wp\/v2\/types\/post"}],"author":[{"embeddable":true,"href":"https:\/\/www.ecoledecroly.be\/index.php\/wp-json\/wp\/v2\/users\/3"}],"replies":[{"embeddable":true,"href":"https:\/\/www.ecoledecroly.be\/index.php\/wp-json\/wp\/v2\/comments?post=4469"}],"version-history":[{"count":1,"href":"https:\/\/www.ecoledecroly.be\/index.php\/wp-json\/wp\/v2\/posts\/4469\/revisions"}],"predecessor-version":[{"id":4470,"href":"https:\/\/www.ecoledecroly.be\/index.php\/wp-json\/wp\/v2\/posts\/4469\/revisions\/4470"}],"wp:attachment":[{"href":"https:\/\/www.ecoledecroly.be\/index.php\/wp-json\/wp\/v2\/media?parent=4469"}],"wp:term":[{"taxonomy":"category","embeddable":true,"href":"https:\/\/www.ecoledecroly.be\/index.php\/wp-json\/wp\/v2\/categories?post=4469"},{"taxonomy":"post_tag","embeddable":true,"href":"https:\/\/www.ecoledecroly.be\/index.php\/wp-json\/wp\/v2\/tags?post=4469"}],"curies":[{"name":"wp","href":"https:\/\/api.w.org\/{rel}","templated":true}]}}