{"id":4462,"date":"2026-03-09T14:46:27","date_gmt":"2026-03-09T14:46:27","guid":{"rendered":"https:\/\/www.ecoledecroly.be\/?p=4462"},"modified":"2026-03-09T14:46:36","modified_gmt":"2026-03-09T14:46:36","slug":"protestation-nationale","status":"publish","type":"post","link":"https:\/\/www.ecoledecroly.be\/index.php\/2026\/03\/09\/protestation-nationale\/","title":{"rendered":"protestation nationale"},"content":{"rendered":"\n<div class=\"wp-block-columns is-layout-flex wp-container-core-columns-is-layout-9d6595d7 wp-block-columns-is-layout-flex\">\n<div class=\"wp-block-column is-layout-flow wp-block-column-is-layout-flow\"><\/div>\n<\/div>\n\n\n\n<p>Uccle, le 9 mars 2026.<\/p>\n\n\n\n<p>Aux parents d\u2019\u00e9l\u00e8ves de l\u2019\u00e9cole secondaire<br><br>Madame, Monsieur,<br>Chers parents,<br><br>Le front commun syndical organisera une action de protestation nationale (manifestation  Bruxelles) le jeudi 12 mars prochain.<\/p>\n\n\n\n<p>Plusieurs enseignant.e.s ont manifest\u00e9 leur souhait de participer \u00e0 cette action. Il se pourrait donc que certains cours soient perturb\u00e9s.<\/p>\n\n\n\n<p>Il n\u2019y aura pas de repas chaud. Un sandwich pourra \u00eatre servi aux \u00e9l\u00e8ves qui en feraient la demande.<\/p>\n\n\n\n<p>L\u2019absence des \u00e9l\u00e8ves qui ne se pr\u00e9senteront pas \u00e0 l\u2019\u00e9cole \u00e0 cause de cette action de protestation devra \u00eatre motiv\u00e9e via un billet du journal de classe.<\/p>\n\n\n\n<p>Je vous remercie pour votre compr\u00e9hension.<\/p>\n\n\n\n<p>Marc Charlier<br>Directeur de l\u2019\u00e9cole secondaire<\/p>\n","protected":false},"excerpt":{"rendered":"<p>Uccle, le 9 mars 2026. Aux parents d\u2019\u00e9l\u00e8ves de l\u2019\u00e9cole secondaire Madame, Monsieur,Chers parents, Le front commun syndical organisera une action de protestation nationale (manifestation Bruxelles) le jeudi 12 mars prochain. Plusieurs enseignant.e.s ont manifest\u00e9 leur souhait de participer \u00e0 cette action. Il se pourrait donc que certains cours soient perturb\u00e9s. Il n\u2019y aura pas&hellip;<\/p>\n","protected":false},"author":3,"featured_media":0,"comment_status":"closed","ping_status":"open","sticky":false,"template":"","format":"standard","meta":{"sfsi_plus_gutenberg_text_before_share":"","sfsi_plus_gutenberg_show_text_before_share":"","sfsi_plus_gutenberg_icon_type":"","sfsi_plus_gutenberg_icon_alignemt":"","sfsi_plus_gutenburg_max_per_row":"","footnotes":""},"categories":[3],"tags":[],"class_list":["post-4462","post","type-post","status-publish","format-standard","hentry","category-avis"],"gutentor_comment":0,"_links":{"self":[{"href":"https:\/\/www.ecoledecroly.be\/index.php\/wp-json\/wp\/v2\/posts\/4462","targetHints":{"allow":["GET"]}}],"collection":[{"href":"https:\/\/www.ecoledecroly.be\/index.php\/wp-json\/wp\/v2\/posts"}],"about":[{"href":"https:\/\/www.ecoledecroly.be\/index.php\/wp-json\/wp\/v2\/types\/post"}],"author":[{"embeddable":true,"href":"https:\/\/www.ecoledecroly.be\/index.php\/wp-json\/wp\/v2\/users\/3"}],"replies":[{"embeddable":true,"href":"https:\/\/www.ecoledecroly.be\/index.php\/wp-json\/wp\/v2\/comments?post=4462"}],"version-history":[{"count":1,"href":"https:\/\/www.ecoledecroly.be\/index.php\/wp-json\/wp\/v2\/posts\/4462\/revisions"}],"predecessor-version":[{"id":4464,"href":"https:\/\/www.ecoledecroly.be\/index.php\/wp-json\/wp\/v2\/posts\/4462\/revisions\/4464"}],"wp:attachment":[{"href":"https:\/\/www.ecoledecroly.be\/index.php\/wp-json\/wp\/v2\/media?parent=4462"}],"wp:term":[{"taxonomy":"category","embeddable":true,"href":"https:\/\/www.ecoledecroly.be\/index.php\/wp-json\/wp\/v2\/categories?post=4462"},{"taxonomy":"post_tag","embeddable":true,"href":"https:\/\/www.ecoledecroly.be\/index.php\/wp-json\/wp\/v2\/tags?post=4462"}],"curies":[{"name":"wp","href":"https:\/\/api.w.org\/{rel}","templated":true}]}}