{"id":4456,"date":"2026-03-06T14:25:21","date_gmt":"2026-03-06T14:25:21","guid":{"rendered":"https:\/\/www.ecoledecroly.be\/?p=4456"},"modified":"2026-03-16T08:14:13","modified_gmt":"2026-03-16T08:14:13","slug":"4456","status":"publish","type":"post","link":"https:\/\/www.ecoledecroly.be\/index.php\/2026\/03\/06\/4456\/","title":{"rendered":"Atelier r\u00e9paration de v\u00e9los"},"content":{"rendered":"\n<div class=\"wp-block-columns is-layout-flex wp-container-core-columns-is-layout-9d6595d7 wp-block-columns-is-layout-flex\">\n<div class=\"wp-block-column is-layout-flow wp-block-column-is-layout-flow\"><\/div>\n<\/div>\n\n\n\n<p>Le 17 mars 2026 d\u00e8s 9h nous accueillerons , dans le cadre du PDS (plan de d\u00e9placement scolaire) gr\u00e2ce \u00e0<br>Bruxelles Mobilit\u00e9, les m\u00e9caniciens de Cyclo qui viendront gratuitement effectuer des petites<br>r\u00e9parations sur vos v\u00e9los (\u00e9l\u00e8ves, parents, professeurs),<br><br>Seule une quinzaine de v\u00e9los seront r\u00e9par\u00e9s, afin de faciliter l&rsquo;organisation vous devez <strong>vous inscrire<br>uniquement<\/strong> via le talon (ci-dessous ou voir QR code) \u00e0 copier, compl\u00e9ter et renvoyer \u00e0<br><a href=\"mailto:groupe.mobilite@ecoledecroly.be\" target=\"_blank\" rel=\"noreferrer noopener\">groupe.mobilite@ecoledecroly.be<\/a> et respecter votre engagement \u00e0 apporter votre v\u00e9lo (la s\u00e9ance<br>pr\u00e9c\u00e9dente, plusieurs v\u00e9los inscrits n&rsquo;ont pas \u00e9t\u00e9 pr\u00e9sent\u00e9s, un m\u00e9canicien a \u00e9t\u00e9 mobilis\u00e9 pour rien).<br><br><strong>Nous vous demandons d&rsquo;apporter votre v\u00e9lo (non cadenass\u00e9) le 17 mars entre 8h et 9h sur la sc\u00e8ne de<br>la grande salle de gym (entr\u00e9e par le terrain grillag\u00e9 c\u00f4t\u00e9 \u00ab\u00a0petit chemin\u00a0\u00bb ). Tous les v\u00e9los doivent<br>quitter l&rsquo;atelier entre 14h et 15h30 et \u00eatre repris ou attach\u00e9s dans les parkings par les \u00e9l\u00e8ves ou les<br>parents.<\/strong><\/p>\n\n\n\n<p>Christine Jardon et C\u00e9dric Limbosch<\/p>\n\n\n\n<p>En remplissant ce talon vous vous engagez \u00e0 d\u00e9poser et reprendre votre v\u00e9lo aux heures mentionn\u00e9es<br>ci-dessus:<br>Nom de l&rsquo;\u00e9l\u00e8ve \/ parent \/ prof :<br>Nom et n\u00b0 GSM du parent responsable:<br>Description du v\u00e9lo (pour pouvoir le reconna\u00eetre) :<br>Petites r\u00e9parations \u00e0 effectuer :<\/p>\n","protected":false},"excerpt":{"rendered":"<p>Le 17 mars 2026 d\u00e8s 9h nous accueillerons , dans le cadre du PDS (plan de d\u00e9placement scolaire) gr\u00e2ce \u00e0Bruxelles Mobilit\u00e9, les m\u00e9caniciens de Cyclo qui viendront gratuitement effectuer des petitesr\u00e9parations sur vos v\u00e9los (\u00e9l\u00e8ves, parents, professeurs), Seule une quinzaine de v\u00e9los seront r\u00e9par\u00e9s, afin de faciliter l&rsquo;organisation vous devez vous inscrireuniquement via le talon&hellip;<\/p>\n","protected":false},"author":3,"featured_media":0,"comment_status":"closed","ping_status":"open","sticky":false,"template":"","format":"standard","meta":{"sfsi_plus_gutenberg_text_before_share":"","sfsi_plus_gutenberg_show_text_before_share":"","sfsi_plus_gutenberg_icon_type":"","sfsi_plus_gutenberg_icon_alignemt":"","sfsi_plus_gutenburg_max_per_row":"","footnotes":""},"categories":[3],"tags":[],"class_list":["post-4456","post","type-post","status-publish","format-standard","hentry","category-avis"],"gutentor_comment":0,"_links":{"self":[{"href":"https:\/\/www.ecoledecroly.be\/index.php\/wp-json\/wp\/v2\/posts\/4456","targetHints":{"allow":["GET"]}}],"collection":[{"href":"https:\/\/www.ecoledecroly.be\/index.php\/wp-json\/wp\/v2\/posts"}],"about":[{"href":"https:\/\/www.ecoledecroly.be\/index.php\/wp-json\/wp\/v2\/types\/post"}],"author":[{"embeddable":true,"href":"https:\/\/www.ecoledecroly.be\/index.php\/wp-json\/wp\/v2\/users\/3"}],"replies":[{"embeddable":true,"href":"https:\/\/www.ecoledecroly.be\/index.php\/wp-json\/wp\/v2\/comments?post=4456"}],"version-history":[{"count":2,"href":"https:\/\/www.ecoledecroly.be\/index.php\/wp-json\/wp\/v2\/posts\/4456\/revisions"}],"predecessor-version":[{"id":4460,"href":"https:\/\/www.ecoledecroly.be\/index.php\/wp-json\/wp\/v2\/posts\/4456\/revisions\/4460"}],"wp:attachment":[{"href":"https:\/\/www.ecoledecroly.be\/index.php\/wp-json\/wp\/v2\/media?parent=4456"}],"wp:term":[{"taxonomy":"category","embeddable":true,"href":"https:\/\/www.ecoledecroly.be\/index.php\/wp-json\/wp\/v2\/categories?post=4456"},{"taxonomy":"post_tag","embeddable":true,"href":"https:\/\/www.ecoledecroly.be\/index.php\/wp-json\/wp\/v2\/tags?post=4456"}],"curies":[{"name":"wp","href":"https:\/\/api.w.org\/{rel}","templated":true}]}}