{"id":3548,"date":"2025-01-29T07:33:06","date_gmt":"2025-01-29T07:33:06","guid":{"rendered":"https:\/\/www.ecoledecroly.be\/?p=3548"},"modified":"2025-01-29T07:33:07","modified_gmt":"2025-01-29T07:33:07","slug":"reglement-dordre-interieur-de-lecole-fondamentale","status":"publish","type":"post","link":"https:\/\/www.ecoledecroly.be\/index.php\/2025\/01\/29\/reglement-dordre-interieur-de-lecole-fondamentale\/","title":{"rendered":"R\u00e8glement d&rsquo;Ordre Int\u00e9rieur de l&rsquo;\u00e9cole fondamentale"},"content":{"rendered":"\n<div class=\"wp-block-columns is-layout-flex wp-container-core-columns-is-layout-9d6595d7 wp-block-columns-is-layout-flex\">\n<div class=\"wp-block-column is-layout-flow wp-block-column-is-layout-flow\"><\/div>\n<\/div>\n\n\n\n<p>Chers parents,<\/p>\n\n\n\n<p>Le R\u00e8glement d&rsquo;Ordre Int\u00e9rieur de l&rsquo;\u00e9cole fondamentale a \u00e9t\u00e9 mis \u00e0 jour. Vous pouvez consulter la nouvelle version sur notre site internet.<\/p>\n\n\n\n<p>Bien cordialement,<\/p>\n","protected":false},"excerpt":{"rendered":"<p>Chers parents, Le R\u00e8glement d&rsquo;Ordre Int\u00e9rieur de l&rsquo;\u00e9cole fondamentale a \u00e9t\u00e9 mis \u00e0 jour. Vous pouvez consulter la nouvelle version sur notre site internet. Bien cordialement,<\/p>\n","protected":false},"author":3,"featured_media":0,"comment_status":"closed","ping_status":"open","sticky":false,"template":"","format":"standard","meta":{"sfsi_plus_gutenberg_text_before_share":"","sfsi_plus_gutenberg_show_text_before_share":"","sfsi_plus_gutenberg_icon_type":"","sfsi_plus_gutenberg_icon_alignemt":"","sfsi_plus_gutenburg_max_per_row":"","footnotes":""},"categories":[3],"tags":[],"class_list":["post-3548","post","type-post","status-publish","format-standard","hentry","category-avis"],"gutentor_comment":0,"_links":{"self":[{"href":"https:\/\/www.ecoledecroly.be\/index.php\/wp-json\/wp\/v2\/posts\/3548","targetHints":{"allow":["GET"]}}],"collection":[{"href":"https:\/\/www.ecoledecroly.be\/index.php\/wp-json\/wp\/v2\/posts"}],"about":[{"href":"https:\/\/www.ecoledecroly.be\/index.php\/wp-json\/wp\/v2\/types\/post"}],"author":[{"embeddable":true,"href":"https:\/\/www.ecoledecroly.be\/index.php\/wp-json\/wp\/v2\/users\/3"}],"replies":[{"embeddable":true,"href":"https:\/\/www.ecoledecroly.be\/index.php\/wp-json\/wp\/v2\/comments?post=3548"}],"version-history":[{"count":1,"href":"https:\/\/www.ecoledecroly.be\/index.php\/wp-json\/wp\/v2\/posts\/3548\/revisions"}],"predecessor-version":[{"id":3549,"href":"https:\/\/www.ecoledecroly.be\/index.php\/wp-json\/wp\/v2\/posts\/3548\/revisions\/3549"}],"wp:attachment":[{"href":"https:\/\/www.ecoledecroly.be\/index.php\/wp-json\/wp\/v2\/media?parent=3548"}],"wp:term":[{"taxonomy":"category","embeddable":true,"href":"https:\/\/www.ecoledecroly.be\/index.php\/wp-json\/wp\/v2\/categories?post=3548"},{"taxonomy":"post_tag","embeddable":true,"href":"https:\/\/www.ecoledecroly.be\/index.php\/wp-json\/wp\/v2\/tags?post=3548"}],"curies":[{"name":"wp","href":"https:\/\/api.w.org\/{rel}","templated":true}]}}