{"id":2708,"date":"2024-04-03T09:19:30","date_gmt":"2024-04-03T09:19:30","guid":{"rendered":"https:\/\/www.ecoledecroly.be\/?p=2708"},"modified":"2024-04-03T12:47:00","modified_gmt":"2024-04-03T12:47:00","slug":"option-projet-8eme-mars-2024","status":"publish","type":"post","link":"https:\/\/www.ecoledecroly.be\/index.php\/2024\/04\/03\/option-projet-8eme-mars-2024\/","title":{"rendered":"Option projet 8\u00e8me &#8211; Mars 2024"},"content":{"rendered":"\n<div class=\"wp-block-columns is-layout-flex wp-container-core-columns-is-layout-9d6595d7 wp-block-columns-is-layout-flex\">\n<div class=\"wp-block-column is-layout-flow wp-block-column-is-layout-flow\"><\/div>\n<\/div>\n\n\n\n<p>Nous sommes all\u00e9.e.s \u00e0 l&rsquo;Essentiel, \u00e0 Lasne le 26 mars. <br><br><strong>L&rsquo;Essentiel , c&rsquo;est quoi ?<\/strong> <br>C&rsquo;est un centre de r\u00e9sidence pour les personnes qui sont porteur.euse.s de handicap ( par exemple, difficult\u00e9s de communication, trisomie 21, parapl\u00e9gie\u2026). <br>Nous avons choisi ce projet car nous voulions savoir ce que les chevaux apportaient aux r\u00e9sidents car il existe l\u00e0-bas des s\u00e9ances d&rsquo;hippoth\u00e9rapie. <br><br>Nous avons \u00e9t\u00e9 accueilli.e.s par Colette, l&rsquo;hippoth\u00e9rapeute, pour visiter le centre. Nous avons \u00e9galement pos\u00e9 des questions aux r\u00e9sidents pour en apprendre un peu plus sur eux.elles et sur le centre. Nous voulions aussi leur apporter quelque chose et c&rsquo;est pourquoi nous avons d\u00e9cid\u00e9 de raconter une histoire \u00e9voquant le printemps.<\/p>\n\n\n\n<p><strong>L&rsquo;hippoth\u00e9rapie , c&rsquo;est quoi ? \u00c7a apporte quoi ? <\/strong><br>C&rsquo;est tout d&rsquo;abord une relation entre un cheval et un humain, accompagn\u00e9e par Colette. Cela apporte \u00e0 la personne de la joie, de la confiance en soi, des bienfaits physiques ( comme le tonus musculaire, l&rsquo;\u00e9quilibre\u2026), des apports sensoriels, des responsabilit\u00e9s\u2026 Les s\u00e9ances peuvent se passer \u00e0 pied ou \u00e0 cheval.<\/p>\n\n\n\n<p><strong>Les autres activit\u00e9s des r\u00e9sidents<\/strong> <br>La couture, l&rsquo;art, le sport, la natation, le cyclodanse ( en chaise roulante), les classes de d\u00e9couverte de l&rsquo;actualit\u00e9, la logop\u00e9die (apprentissage de la communication via images, tablettes\u2026) , le snoezelen ( exploration sensorielle par des lumi\u00e8res, sons, \u2026), potager, cuisine, th\u00e9\u00e2tre, chorale\u2026<\/p>\n\n\n\n<p><strong>Notre exp\u00e9rience sur place<\/strong> <br>\u00ab Pour moi, c&rsquo;\u00e9tait la premi\u00e8re fois que je rencontrais beaucoup de personnes en situation de handicap et j&rsquo;ai \u00e9t\u00e9 impressionn\u00e9 car je n&rsquo;avais pas l&rsquo;habitude de d\u00e9couvrir autant de diff\u00e9rences. \u00bb <em>Sacha <\/em><br>\u00ab J&rsquo;\u00e9tais tr\u00e8s contente de rencontrer des personnes accueillantes et heureuses de nous voir, elles nous le montraient en \u00e9tant tactiles par exemple ( prendre nos mains, des sourires, des frappements de mains\u2026) \u00bb<em> Anastazja <\/em><br>\u00ab Quand on s&rsquo;est retrouv\u00e9s \u00e0 3 devant 30 r\u00e9sidents, j&rsquo;avais peur , j&rsquo;avais peur de mal faire, de les vexer sans le vouloir mais \u00e7a s&rsquo;est super bien pass\u00e9 car les r\u00e9sidents \u00e9taient tr\u00e8s r\u00e9ceptifs. Ils \u00e9taient chaleureux, ne nous jugeaient pas . \u00bb <em>Chlo\u00e9<\/em><\/p>\n\n\n\n<div class=\"wp-block-columns is-layout-flex wp-container-core-columns-is-layout-9d6595d7 wp-block-columns-is-layout-flex\">\n<div class=\"wp-block-column is-layout-flow wp-block-column-is-layout-flow\"><\/div>\n<\/div>\n\n\n\n<figure class=\"wp-block-gallery has-nested-images columns-default is-cropped wp-block-gallery-1 is-layout-flex wp-block-gallery-is-layout-flex\">\n<figure class=\"wp-block-image size-large\"><img loading=\"lazy\" decoding=\"async\" width=\"590\" height=\"445\" data-id=\"2724\" src=\"https:\/\/www.ecoledecroly.be\/wp-content\/uploads\/2024\/04\/1.jpg\" alt=\"\" class=\"wp-image-2724\" srcset=\"https:\/\/www.ecoledecroly.be\/wp-content\/uploads\/2024\/04\/1.jpg 590w, https:\/\/www.ecoledecroly.be\/wp-content\/uploads\/2024\/04\/1-300x226.jpg 300w\" sizes=\"auto, (max-width: 590px) 100vw, 590px\" \/><\/figure>\n\n\n\n<figure class=\"wp-block-image size-large\"><img loading=\"lazy\" decoding=\"async\" width=\"591\" height=\"443\" data-id=\"2721\" src=\"https:\/\/www.ecoledecroly.be\/wp-content\/uploads\/2024\/04\/2.jpg\" alt=\"\" class=\"wp-image-2721\" srcset=\"https:\/\/www.ecoledecroly.be\/wp-content\/uploads\/2024\/04\/2.jpg 591w, https:\/\/www.ecoledecroly.be\/wp-content\/uploads\/2024\/04\/2-300x225.jpg 300w\" sizes=\"auto, (max-width: 591px) 100vw, 591px\" \/><\/figure>\n\n\n\n<figure class=\"wp-block-image size-large\"><img loading=\"lazy\" decoding=\"async\" width=\"591\" height=\"442\" data-id=\"2723\" src=\"https:\/\/www.ecoledecroly.be\/wp-content\/uploads\/2024\/04\/3.jpg\" alt=\"\" class=\"wp-image-2723\" srcset=\"https:\/\/www.ecoledecroly.be\/wp-content\/uploads\/2024\/04\/3.jpg 591w, https:\/\/www.ecoledecroly.be\/wp-content\/uploads\/2024\/04\/3-300x224.jpg 300w\" sizes=\"auto, (max-width: 591px) 100vw, 591px\" \/><\/figure>\n\n\n\n<figure class=\"wp-block-image size-large\"><img loading=\"lazy\" decoding=\"async\" width=\"591\" height=\"442\" data-id=\"2722\" src=\"https:\/\/www.ecoledecroly.be\/wp-content\/uploads\/2024\/04\/4.jpg\" alt=\"\" class=\"wp-image-2722\" srcset=\"https:\/\/www.ecoledecroly.be\/wp-content\/uploads\/2024\/04\/4.jpg 591w, https:\/\/www.ecoledecroly.be\/wp-content\/uploads\/2024\/04\/4-300x224.jpg 300w\" sizes=\"auto, (max-width: 591px) 100vw, 591px\" \/><\/figure>\n\n\n\n<figure class=\"wp-block-image size-large\"><img loading=\"lazy\" decoding=\"async\" width=\"591\" height=\"443\" data-id=\"2720\" src=\"https:\/\/www.ecoledecroly.be\/wp-content\/uploads\/2024\/04\/5.jpg\" alt=\"\" class=\"wp-image-2720\" srcset=\"https:\/\/www.ecoledecroly.be\/wp-content\/uploads\/2024\/04\/5.jpg 591w, https:\/\/www.ecoledecroly.be\/wp-content\/uploads\/2024\/04\/5-300x225.jpg 300w\" sizes=\"auto, (max-width: 591px) 100vw, 591px\" \/><\/figure>\n<\/figure>\n","protected":false},"excerpt":{"rendered":"<p>Nous sommes all\u00e9.e.s \u00e0 l&rsquo;Essentiel, \u00e0 Lasne le 26 mars. L&rsquo;Essentiel , c&rsquo;est quoi ? C&rsquo;est un centre de r\u00e9sidence pour les personnes qui sont porteur.euse.s de handicap ( par exemple, difficult\u00e9s de communication, trisomie 21, parapl\u00e9gie\u2026). Nous avons choisi ce projet car nous voulions savoir ce que les chevaux apportaient aux r\u00e9sidents car il&hellip;<\/p>\n","protected":false},"author":5,"featured_media":0,"comment_status":"closed","ping_status":"open","sticky":false,"template":"","format":"standard","meta":{"sfsi_plus_gutenberg_text_before_share":"","sfsi_plus_gutenberg_show_text_before_share":"","sfsi_plus_gutenberg_icon_type":"","sfsi_plus_gutenberg_icon_alignemt":"","sfsi_plus_gutenburg_max_per_row":"","footnotes":""},"categories":[14],"tags":[],"class_list":["post-2708","post","type-post","status-publish","format-standard","hentry","category-le-mot-des-eleves"],"gutentor_comment":0,"_links":{"self":[{"href":"https:\/\/www.ecoledecroly.be\/index.php\/wp-json\/wp\/v2\/posts\/2708","targetHints":{"allow":["GET"]}}],"collection":[{"href":"https:\/\/www.ecoledecroly.be\/index.php\/wp-json\/wp\/v2\/posts"}],"about":[{"href":"https:\/\/www.ecoledecroly.be\/index.php\/wp-json\/wp\/v2\/types\/post"}],"author":[{"embeddable":true,"href":"https:\/\/www.ecoledecroly.be\/index.php\/wp-json\/wp\/v2\/users\/5"}],"replies":[{"embeddable":true,"href":"https:\/\/www.ecoledecroly.be\/index.php\/wp-json\/wp\/v2\/comments?post=2708"}],"version-history":[{"count":8,"href":"https:\/\/www.ecoledecroly.be\/index.php\/wp-json\/wp\/v2\/posts\/2708\/revisions"}],"predecessor-version":[{"id":2730,"href":"https:\/\/www.ecoledecroly.be\/index.php\/wp-json\/wp\/v2\/posts\/2708\/revisions\/2730"}],"wp:attachment":[{"href":"https:\/\/www.ecoledecroly.be\/index.php\/wp-json\/wp\/v2\/media?parent=2708"}],"wp:term":[{"taxonomy":"category","embeddable":true,"href":"https:\/\/www.ecoledecroly.be\/index.php\/wp-json\/wp\/v2\/categories?post=2708"},{"taxonomy":"post_tag","embeddable":true,"href":"https:\/\/www.ecoledecroly.be\/index.php\/wp-json\/wp\/v2\/tags?post=2708"}],"curies":[{"name":"wp","href":"https:\/\/api.w.org\/{rel}","templated":true}]}}