{"id":2703,"date":"2024-03-28T14:45:28","date_gmt":"2024-03-28T14:45:28","guid":{"rendered":"https:\/\/www.ecoledecroly.be\/?p=2703"},"modified":"2024-03-28T14:45:41","modified_gmt":"2024-03-28T14:45:41","slug":"cas-de-cinquieme-maladie","status":"publish","type":"post","link":"https:\/\/www.ecoledecroly.be\/index.php\/2024\/03\/28\/cas-de-cinquieme-maladie\/","title":{"rendered":"Cas de cinqui\u00e8me maladie"},"content":{"rendered":"\n<div class=\"wp-block-columns is-layout-flex wp-container-core-columns-is-layout-9d6595d7 wp-block-columns-is-layout-flex\">\n<div class=\"wp-block-column is-layout-flow wp-block-column-is-layout-flow\"><\/div>\n<\/div>\n\n\n\n<p>Chers parents,<\/p>\n\n\n\n<p>Plusieurs cas d&rsquo;une maladie virale b\u00e9nigne, la cinqui\u00e8me maladie, se sont d\u00e9clar\u00e9s dans l\u2019\u00e9cole.<\/p>\n\n\n\n<p>Cet \u00ab\u00a0\u00e9ryth\u00e8me infectieux\u00a0\u00bb est sans gravit\u00e9 pour les enfants. Cependant dans un&nbsp;faible pourcentage de cas, cette maladie&nbsp;pourrait&nbsp;affecter le f\u0153tus chez une femme enceinte non immunis\u00e9e.<\/p>\n\n\n\n<p>Nous conseillons, d\u00e8s lors, aux mamans enceintes d&rsquo;en parler \u00e0 leur gyn\u00e9cologue.<\/p>\n\n\n\n<p>Pour les enfants, le repos et les conseils du p\u00e9diatre quant \u00e0 l&rsquo;\u00e9viction seront suffisants.<\/p>\n\n\n\n<p>Nous vous remercions de l\u2019attention que vous porterez \u00e0 ce courrier.<\/p>\n\n\n\n<p>Bien cordialement.<\/p>\n\n\n\n<p>&nbsp;&nbsp;&nbsp;&nbsp;&nbsp;&nbsp;&nbsp;&nbsp;&nbsp;&nbsp;ANZALDI Isabelle, infirmi\u00e8re de l\u2019\u00e9cole Decroly<\/p>\n","protected":false},"excerpt":{"rendered":"<p>Chers parents, Plusieurs cas d&rsquo;une maladie virale b\u00e9nigne, la cinqui\u00e8me maladie, se sont d\u00e9clar\u00e9s dans l\u2019\u00e9cole. Cet \u00ab\u00a0\u00e9ryth\u00e8me infectieux\u00a0\u00bb est sans gravit\u00e9 pour les enfants. Cependant dans un&nbsp;faible pourcentage de cas, cette maladie&nbsp;pourrait&nbsp;affecter le f\u0153tus chez une femme enceinte non immunis\u00e9e. Nous conseillons, d\u00e8s lors, aux mamans enceintes d&rsquo;en parler \u00e0 leur gyn\u00e9cologue. Pour les&hellip;<\/p>\n","protected":false},"author":3,"featured_media":0,"comment_status":"closed","ping_status":"open","sticky":false,"template":"","format":"standard","meta":{"sfsi_plus_gutenberg_text_before_share":"","sfsi_plus_gutenberg_show_text_before_share":"","sfsi_plus_gutenberg_icon_type":"","sfsi_plus_gutenberg_icon_alignemt":"","sfsi_plus_gutenburg_max_per_row":"","footnotes":""},"categories":[3],"tags":[],"class_list":["post-2703","post","type-post","status-publish","format-standard","hentry","category-avis"],"gutentor_comment":0,"_links":{"self":[{"href":"https:\/\/www.ecoledecroly.be\/index.php\/wp-json\/wp\/v2\/posts\/2703","targetHints":{"allow":["GET"]}}],"collection":[{"href":"https:\/\/www.ecoledecroly.be\/index.php\/wp-json\/wp\/v2\/posts"}],"about":[{"href":"https:\/\/www.ecoledecroly.be\/index.php\/wp-json\/wp\/v2\/types\/post"}],"author":[{"embeddable":true,"href":"https:\/\/www.ecoledecroly.be\/index.php\/wp-json\/wp\/v2\/users\/3"}],"replies":[{"embeddable":true,"href":"https:\/\/www.ecoledecroly.be\/index.php\/wp-json\/wp\/v2\/comments?post=2703"}],"version-history":[{"count":1,"href":"https:\/\/www.ecoledecroly.be\/index.php\/wp-json\/wp\/v2\/posts\/2703\/revisions"}],"predecessor-version":[{"id":2704,"href":"https:\/\/www.ecoledecroly.be\/index.php\/wp-json\/wp\/v2\/posts\/2703\/revisions\/2704"}],"wp:attachment":[{"href":"https:\/\/www.ecoledecroly.be\/index.php\/wp-json\/wp\/v2\/media?parent=2703"}],"wp:term":[{"taxonomy":"category","embeddable":true,"href":"https:\/\/www.ecoledecroly.be\/index.php\/wp-json\/wp\/v2\/categories?post=2703"},{"taxonomy":"post_tag","embeddable":true,"href":"https:\/\/www.ecoledecroly.be\/index.php\/wp-json\/wp\/v2\/tags?post=2703"}],"curies":[{"name":"wp","href":"https:\/\/api.w.org\/{rel}","templated":true}]}}