{"id":2681,"date":"2024-03-25T11:23:13","date_gmt":"2024-03-25T11:23:13","guid":{"rendered":"https:\/\/www.ecoledecroly.be\/?p=2681"},"modified":"2024-03-25T11:36:20","modified_gmt":"2024-03-25T11:36:20","slug":"2681","status":"publish","type":"post","link":"https:\/\/www.ecoledecroly.be\/index.php\/2024\/03\/25\/2681\/","title":{"rendered":"Augmentation du nombre de cas de coqueluche"},"content":{"rendered":"\n<div class=\"wp-block-columns is-layout-flex wp-container-core-columns-is-layout-9d6595d7 wp-block-columns-is-layout-flex\">\n<div class=\"wp-block-column is-layout-flow wp-block-column-is-layout-flow\"><\/div>\n<\/div>\n\n\n\n<p>Chers parents,<\/p>\n\n\n\n<p>Les cellules de surveillance des maladies infectieuses (AVIQ pour la Wallonie et Vivalis pour Bruxelles) ont inform\u00e9 l\u2019ONE de l\u2019augmentation du nombre de cas de coqueluche m\u00eame chez les personnes en ordre de vaccination.<\/p>\n\n\n\n<p>Nous profitons donc de ce courrier pour vous rappeler que la coqueluche est une maladie \u00e0 d\u00e9claration obligatoire. Cela signifie qu\u2019il est important de pr\u00e9venir l\u2019\u00e9cole rapidement, en cas de diagnostic de coqueluche confirm\u00e9, afin que nous puissions transmettre l\u2019information au PSE.<\/p>\n\n\n\n<p>Vous trouverez en annexe le tryptique concernant la coqueluche.<\/p>\n\n\n\n<p>Pour toute question ou interrogation quant \u00e0 la vaccination ou concernant la maladie,<\/p>\n\n\n\n<p>n\u2019h\u00e9sitez pas \u00e0 contacter votre m\u00e9decin traitant.<\/p>\n\n\n\n<p>Nous vous remercions de l\u2019attention que vous porterez \u00e0 ce mail.<\/p>\n\n\n\n<p>Bien cordialement.<\/p>\n\n\n\n<p>Anzaldi Isabelle, Infirmi\u00e8re de l\u2019\u00e9cole Decroly<\/p>\n\n\n\n<figure class=\"wp-block-image size-full is-resized\"><img loading=\"lazy\" decoding=\"async\" width=\"796\" height=\"569\" src=\"https:\/\/www.ecoledecroly.be\/wp-content\/uploads\/2024\/03\/coqueluche1.jpg\" alt=\"\" class=\"wp-image-2683\" style=\"width:1048px;height:auto\" srcset=\"https:\/\/www.ecoledecroly.be\/wp-content\/uploads\/2024\/03\/coqueluche1.jpg 796w, https:\/\/www.ecoledecroly.be\/wp-content\/uploads\/2024\/03\/coqueluche1-300x214.jpg 300w, https:\/\/www.ecoledecroly.be\/wp-content\/uploads\/2024\/03\/coqueluche1-768x549.jpg 768w\" sizes=\"auto, (max-width: 796px) 100vw, 796px\" \/><\/figure>\n\n\n\n<figure class=\"wp-block-image size-full is-resized\"><img loading=\"lazy\" decoding=\"async\" width=\"801\" height=\"564\" src=\"https:\/\/www.ecoledecroly.be\/wp-content\/uploads\/2024\/03\/coqueluche2.jpg\" alt=\"\" class=\"wp-image-2685\" style=\"width:1048px;height:auto\" srcset=\"https:\/\/www.ecoledecroly.be\/wp-content\/uploads\/2024\/03\/coqueluche2.jpg 801w, https:\/\/www.ecoledecroly.be\/wp-content\/uploads\/2024\/03\/coqueluche2-300x211.jpg 300w, https:\/\/www.ecoledecroly.be\/wp-content\/uploads\/2024\/03\/coqueluche2-768x541.jpg 768w, https:\/\/www.ecoledecroly.be\/wp-content\/uploads\/2024\/03\/coqueluche2-340x240.jpg 340w\" sizes=\"auto, (max-width: 801px) 100vw, 801px\" \/><\/figure>\n","protected":false},"excerpt":{"rendered":"<p>Chers parents, Les cellules de surveillance des maladies infectieuses (AVIQ pour la Wallonie et Vivalis pour Bruxelles) ont inform\u00e9 l\u2019ONE de l\u2019augmentation du nombre de cas de coqueluche m\u00eame chez les personnes en ordre de vaccination. Nous profitons donc de ce courrier pour vous rappeler que la coqueluche est une maladie \u00e0 d\u00e9claration obligatoire. Cela&hellip;<\/p>\n","protected":false},"author":3,"featured_media":0,"comment_status":"closed","ping_status":"open","sticky":false,"template":"","format":"standard","meta":{"sfsi_plus_gutenberg_text_before_share":"","sfsi_plus_gutenberg_show_text_before_share":"","sfsi_plus_gutenberg_icon_type":"","sfsi_plus_gutenberg_icon_alignemt":"","sfsi_plus_gutenburg_max_per_row":"","footnotes":""},"categories":[3],"tags":[],"class_list":["post-2681","post","type-post","status-publish","format-standard","hentry","category-avis"],"gutentor_comment":0,"_links":{"self":[{"href":"https:\/\/www.ecoledecroly.be\/index.php\/wp-json\/wp\/v2\/posts\/2681","targetHints":{"allow":["GET"]}}],"collection":[{"href":"https:\/\/www.ecoledecroly.be\/index.php\/wp-json\/wp\/v2\/posts"}],"about":[{"href":"https:\/\/www.ecoledecroly.be\/index.php\/wp-json\/wp\/v2\/types\/post"}],"author":[{"embeddable":true,"href":"https:\/\/www.ecoledecroly.be\/index.php\/wp-json\/wp\/v2\/users\/3"}],"replies":[{"embeddable":true,"href":"https:\/\/www.ecoledecroly.be\/index.php\/wp-json\/wp\/v2\/comments?post=2681"}],"version-history":[{"count":5,"href":"https:\/\/www.ecoledecroly.be\/index.php\/wp-json\/wp\/v2\/posts\/2681\/revisions"}],"predecessor-version":[{"id":2695,"href":"https:\/\/www.ecoledecroly.be\/index.php\/wp-json\/wp\/v2\/posts\/2681\/revisions\/2695"}],"wp:attachment":[{"href":"https:\/\/www.ecoledecroly.be\/index.php\/wp-json\/wp\/v2\/media?parent=2681"}],"wp:term":[{"taxonomy":"category","embeddable":true,"href":"https:\/\/www.ecoledecroly.be\/index.php\/wp-json\/wp\/v2\/categories?post=2681"},{"taxonomy":"post_tag","embeddable":true,"href":"https:\/\/www.ecoledecroly.be\/index.php\/wp-json\/wp\/v2\/tags?post=2681"}],"curies":[{"name":"wp","href":"https:\/\/api.w.org\/{rel}","templated":true}]}}