{"id":2069,"date":"2023-09-14T13:20:11","date_gmt":"2023-09-14T13:20:11","guid":{"rendered":"https:\/\/www.ecoledecroly.be\/?p=2069"},"modified":"2023-09-14T16:09:11","modified_gmt":"2023-09-14T16:09:11","slug":"journee-de-formation-pedagogique","status":"publish","type":"post","link":"https:\/\/www.ecoledecroly.be\/index.php\/2023\/09\/14\/journee-de-formation-pedagogique\/","title":{"rendered":"Journ\u00e9e de formation p\u00e9dagogique."},"content":{"rendered":"\n<div class=\"wp-block-columns is-layout-flex wp-container-core-columns-is-layout-9d6595d7 wp-block-columns-is-layout-flex\">\n<div class=\"wp-block-column is-layout-flow wp-block-column-is-layout-flow\">\n<p>Chers parents,<\/p>\n<p><u>Mardi 26 septembre<\/u>, les enseignants de toute l\u2019\u00e9cole sont en <u>journ\u00e9e de formation p\u00e9dagogique<\/u>.<\/p>\n<p>Les cours et les repas chauds ne seront donc pas assur\u00e9s. <u>Un pique-nique<\/u> est <u>\u00e0 pr\u00e9voir en cas de pr\u00e9sence<\/u> de votre enfant.<\/p>\n<p><u>Si vous avez besoin<\/u> que votre enfant soit pris en charge, merci de <u>pr\u00e9venir la garderie de l\u2019\u00e9cole au plus<\/u> vite, afin de pouvoir organiser le meilleur encadrement possible.<\/p>\n<p>Elle sera <u>joignable<\/u> durant <u>la semaine du 18 septembre<\/u>, entre 15h et 18h, au 0493\/84.92.12. (ne pas laisser de message).<\/p>\n<p>Merci de votre bienveillante collaboration,<\/p>\n<\/div>\n<\/div>\n\n\n\n<div class=\"wp-block-columns is-layout-flex wp-container-core-columns-is-layout-9d6595d7 wp-block-columns-is-layout-flex\">\n<div class=\"wp-block-column is-layout-flow wp-block-column-is-layout-flow\">\n<p>Armelle Vanhalewyn <br>Coordinatrice de la garderie <\/p>\n<\/div>\n\n\n\n<div class=\"wp-block-column is-layout-flow wp-block-column-is-layout-flow\">\n<p>Marion Libert<br>Directrice de l\u2019\u00e9cole fondamentale<\/p>\n<\/div>\n<\/div>\n","protected":false},"excerpt":{"rendered":"<p>Chers parents, Mardi 26 septembre, les enseignants de toute l\u2019\u00e9cole sont en journ\u00e9e de formation p\u00e9dagogique. Les cours et les repas chauds ne seront donc pas assur\u00e9s. Un pique-nique est \u00e0 pr\u00e9voir en cas de pr\u00e9sence de votre enfant. Si vous avez besoin que votre enfant soit pris en charge, merci de pr\u00e9venir la garderie&hellip;<\/p>\n","protected":false},"author":3,"featured_media":0,"comment_status":"closed","ping_status":"closed","sticky":false,"template":"","format":"standard","meta":{"sfsi_plus_gutenberg_text_before_share":"","sfsi_plus_gutenberg_show_text_before_share":"","sfsi_plus_gutenberg_icon_type":"","sfsi_plus_gutenberg_icon_alignemt":"","sfsi_plus_gutenburg_max_per_row":"","footnotes":""},"categories":[3],"tags":[],"class_list":["post-2069","post","type-post","status-publish","format-standard","hentry","category-avis"],"gutentor_comment":0,"_links":{"self":[{"href":"https:\/\/www.ecoledecroly.be\/index.php\/wp-json\/wp\/v2\/posts\/2069","targetHints":{"allow":["GET"]}}],"collection":[{"href":"https:\/\/www.ecoledecroly.be\/index.php\/wp-json\/wp\/v2\/posts"}],"about":[{"href":"https:\/\/www.ecoledecroly.be\/index.php\/wp-json\/wp\/v2\/types\/post"}],"author":[{"embeddable":true,"href":"https:\/\/www.ecoledecroly.be\/index.php\/wp-json\/wp\/v2\/users\/3"}],"replies":[{"embeddable":true,"href":"https:\/\/www.ecoledecroly.be\/index.php\/wp-json\/wp\/v2\/comments?post=2069"}],"version-history":[{"count":8,"href":"https:\/\/www.ecoledecroly.be\/index.php\/wp-json\/wp\/v2\/posts\/2069\/revisions"}],"predecessor-version":[{"id":2125,"href":"https:\/\/www.ecoledecroly.be\/index.php\/wp-json\/wp\/v2\/posts\/2069\/revisions\/2125"}],"wp:attachment":[{"href":"https:\/\/www.ecoledecroly.be\/index.php\/wp-json\/wp\/v2\/media?parent=2069"}],"wp:term":[{"taxonomy":"category","embeddable":true,"href":"https:\/\/www.ecoledecroly.be\/index.php\/wp-json\/wp\/v2\/categories?post=2069"},{"taxonomy":"post_tag","embeddable":true,"href":"https:\/\/www.ecoledecroly.be\/index.php\/wp-json\/wp\/v2\/tags?post=2069"}],"curies":[{"name":"wp","href":"https:\/\/api.w.org\/{rel}","templated":true}]}}